{"id":14,"date":"2008-04-06T08:25:07","date_gmt":"2008-04-06T08:25:07","guid":{"rendered":"http:\/\/3puspok.talpai.net\/?p=14"},"modified":"2020-03-02T18:52:10","modified_gmt":"2020-03-02T18:52:10","slug":"a-nyiregyhaza-kertvarosi-egyhazkozseg-parochusanak-cikke-a-kezdemenyezesrol","status":"publish","type":"post","link":"https:\/\/3puspokseg.hu\/?p=14","title":{"rendered":"A Ny\u00edregyh\u00e1za-Kertv\u00e1rosi Egyh\u00e1zk\u00f6zs\u00e9g par\u00f3chus\u00e1nak cikke a kezdem\u00e9nyez\u00e9sr\u0151l"},"content":{"rendered":"<p>A Ny\u00edregyh\u00e1za-Kertv\u00e1rosi Egyh\u00e1zk\u00f6zs\u00e9g par\u00f3chusa, Dr. Obb\u00e1gy L\u00e1szl\u00f3, f\u0151iskolai tan\u00e1r a k\u00f6vetkez\u0151k\u00e9ppen mutatta be egyh\u00e1zk\u00f6zs\u00e9g\u00e9nek helyi \u00fajs\u00e1gj\u00e1ban a vil\u00e1gi kezdem\u00e9nyez\u00e9st a 3 p\u00fcsp\u00f6ks\u00e9g\u00e9rt.<\/p>\n<p><!--more--><\/p>\n<div>\u00a0&#8220;<strong>LEGYEZ\u0150,\u00a0<\/strong>2008. \u00c1PRILIS, Ny\u00edregyh\u00e1za-Kertv\u00e1ros<\/div>\n<div>\n<p align=\"center\"><strong>VIL\u00c1GI KRISZTUS-H\u00cdV\u0150K KEZDEM\u00c9NYEZ\u00c9SE<\/strong><\/p>\n<p align=\"center\"><strong>H\u00c1ROM G\u00d6R\u00d6G KATOLIKUS P\u00dcSP\u00d6KS\u00c9G\u00c9RT<\/strong><\/p>\n<p>&nbsp;<\/p>\n<p>Rendk\u00edv\u00fcl dics\u00e9retes kezdem\u00e9nyez\u00e9s indult Egyh\u00e1zunkban. Nem papok, hanem vil\u00e1gi h\u00edvek kerest\u00e9k meg Julius Janus apostoli nuncius urat, hogy juttassa el a magyarorsz\u00e1gi G\u00f6r\u00f6g Katolikus Egyh\u00e1z szervezeti kibontakoz\u00e1s\u00e1ra vonatkoz\u00f3 k\u00e9r\u00e9s\u00fcket, javaslatukat a Szentaty\u00e1hoz. A k\u00e9r\u00e9s l\u00e9nyege, hogy az orsz\u00e1gban sz\u00e9tsz\u00f3r\u00f3dott g\u00f6r\u00f6g katolikusok jobb lelkip\u00e1sztori ell\u00e1t\u00e1sa \u00e9rdek\u00e9ben a p\u00e1pa emelje metrop\u00f3liai rangra a Hajd\u00fadorogi Egyh\u00e1zmegy\u00e9t, s alap\u00edtson mell\u00e9 (a javaslat szerint Miskolcon, valamint a Duna ment\u00e9n) m\u00e9g k\u00e9t \u00faj p\u00fcsp\u00f6ks\u00e9get.<\/p>\n<p>A kezdem\u00e9nyez\u00e9s racion\u00e1lis volt\u00e1t mind a 2001. \u00e9vi n\u00e9psz\u00e1ml\u00e1l\u00e1s, mind a 2007. \u00e9vi Annuario Pontificio adatai egy\u00e9rtelm\u0171en al\u00e1t\u00e1masztj\u00e1k. Az orsz\u00e1gon bel\u00fcli elv\u00e1ndorl\u00e1s r\u00e9v\u00e9n t\u00f6bb t\u00edzezer g\u00f6r\u00f6g katolikus testv\u00e9r\u00fcnk \u00e9l olyan (f\u0151k\u00e9nt nyugat-magyarorsz\u00e1gi) telep\u00fcl\u00e9sen, ahol nincs g\u00f6r\u00f6g katolikus lelkip\u00e1sztori ell\u00e1t\u00e1s. \u0150k hamar elvesz\u00edthetik szertart\u00e1si identit\u00e1sukat, s bizony nagy a vesz\u00e9lye annak, hogy egy id\u0151 ut\u00e1n a hit\u00fcket is.<\/p>\n<p>A h\u00e1rom p\u00fcsp\u00f6ks\u00e9g ir\u00e1nti k\u00e9r\u00e9snek ez\u00e9rt nyilv\u00e1nval\u00f3 a l\u00e9tjogosults\u00e1ga. Egy f\u0151p\u00e1sztort\u00f3l csak abban az esetben v\u00e1rhat\u00f3 el az egyh\u00e1zk\u00f6zs\u00e9geket k\u00f6zelr\u0151l ismer\u0151, a k\u00f6z\u00f6ss\u00e9gek lelki \u00e9let\u00e9t \u00e9s fejl\u0151d\u00e9s\u00e9t nyomon k\u00f6vet\u0151, a papokra \u00e9s h\u00edvekre szem\u00e9lyes figyelmet szentel\u0151 vezet\u0151i szolg\u00e1lat \u2013 m\u00e1rpedig Egyh\u00e1zunknak ma ilyen szolg\u00e1latra van sz\u00fcks\u00e9ge \u2013, ha nagys\u00e1grendj\u00e9ben (l\u00e9tsz\u00e1m\u00e1ban \u00e9s ter\u00fclet\u00e9ben) \u00e1tl\u00e1that\u00f3, emberi l\u00e9pt\u00e9k\u0171 egyh\u00e1zmegy\u00e9t ir\u00e1ny\u00edt. A k\u00e9relem teh\u00e1t kor\u00e1ntsem adminisztr\u00e1ci\u00f3s jelleg\u0171 m\u00f3dos\u00edt\u00e1sra, nem hivatalok szapor\u00edt\u00e1s\u00e1ra ir\u00e1nyul, hanem a p\u00fcsp\u00f6ki szolg\u00e1lat \u00faj es\u00e9ly\u00e9t, min\u00e9l hitelesebb megval\u00f3s\u00edt\u00e1si lehet\u0151s\u00e9g\u00e9t s egy\u00fattal a \u201ek\u00e9t t\u00fcd\u0151vel l\u00e9legz\u0151 egyh\u00e1z\u201d \u201ekeleti t\u00fcdeje\u201d magyarorsz\u00e1gi meger\u0151s\u00f6d\u00e9s\u00e9nek \u00fatj\u00e1t keresi.<\/p>\n<p>Az Egyh\u00e1zunk \u00e9leterej\u00e9t s a vil\u00e1gi Krisztus-h\u00edv\u0151k elk\u00f6telezetts\u00e9g\u00e9t is jelz\u0151, \u00f6r\u00f6mteli kezdem\u00e9nyez\u00e9s r\u00e9szleteir\u0151l a\u00a0<a href=\"http:\/\/3puspokseg.uw.hu\/\">http:\/\/3puspokseg.uw.hu\/<\/a>\u00a0honlapon t\u00e1j\u00e9koz\u00f3dhatunk, csatlakoz\u00e1si sz\u00e1nd\u00e9kunkat, t\u00e1mogat\u00e1sunkat pedig \u2013 a templom el\u0151ter\u00e9ben l\u00e9v\u0151 \u00edveken \u2013 al\u00e1\u00edr\u00e1sunkkal nyilv\u00e1n\u00edthatjuk ki.&#8221;<\/div>\n","protected":false},"excerpt":{"rendered":"<p>A Ny\u00edregyh\u00e1za-Kertv\u00e1rosi Egyh\u00e1zk\u00f6zs\u00e9g par\u00f3chusa, Dr. Obb\u00e1gy L\u00e1szl\u00f3, f\u0151iskolai tan\u00e1r a k\u00f6vetkez\u0151k\u00e9ppen mutatta be egyh\u00e1zk\u00f6zs\u00e9g\u00e9nek helyi \u00fajs\u00e1gj\u00e1ban a vil\u00e1gi kezdem\u00e9nyez\u00e9st a 3 p\u00fcsp\u00f6ks\u00e9g\u00e9rt.<\/p>\n","protected":false},"author":2,"featured_media":0,"comment_status":"closed","ping_status":"closed","sticky":false,"template":"","format":"standard","meta":[],"categories":[1],"tags":[],"_links":{"self":[{"href":"https:\/\/3puspokseg.hu\/index.php?rest_route=\/wp\/v2\/posts\/14"}],"collection":[{"href":"https:\/\/3puspokseg.hu\/index.php?rest_route=\/wp\/v2\/posts"}],"about":[{"href":"https:\/\/3puspokseg.hu\/index.php?rest_route=\/wp\/v2\/types\/post"}],"author":[{"embeddable":true,"href":"https:\/\/3puspokseg.hu\/index.php?rest_route=\/wp\/v2\/users\/2"}],"replies":[{"embeddable":true,"href":"https:\/\/3puspokseg.hu\/index.php?rest_route=%2Fwp%2Fv2%2Fcomments&post=14"}],"version-history":[{"count":3,"href":"https:\/\/3puspokseg.hu\/index.php?rest_route=\/wp\/v2\/posts\/14\/revisions"}],"predecessor-version":[{"id":16,"href":"https:\/\/3puspokseg.hu\/index.php?rest_route=\/wp\/v2\/posts\/14\/revisions\/16"}],"wp:attachment":[{"href":"https:\/\/3puspokseg.hu\/index.php?rest_route=%2Fwp%2Fv2%2Fmedia&parent=14"}],"wp:term":[{"taxonomy":"category","embeddable":true,"href":"https:\/\/3puspokseg.hu\/index.php?rest_route=%2Fwp%2Fv2%2Fcategories&post=14"},{"taxonomy":"post_tag","embeddable":true,"href":"https:\/\/3puspokseg.hu\/index.php?rest_route=%2Fwp%2Fv2%2Ftags&post=14"}],"curies":[{"name":"wp","href":"https:\/\/api.w.org\/{rel}","templated":true}]}}